{"id":107,"date":"2021-02-01T16:49:00","date_gmt":"2021-02-01T15:49:00","guid":{"rendered":"https:\/\/toncaraim.com\/?p=107"},"modified":"2025-12-15T16:43:44","modified_gmt":"2025-12-15T15:43:44","slug":"niewiedzminie","status":"publish","type":"post","link":"https:\/\/toncaraim.com\/?p=107","title":{"rendered":"NIEWIED\u0179MY Tomik Poezji wyd. I"},"content":{"rendered":"\r\n<p><span style=\"font-size: 16px; font-family: terminal, monaco;\"><strong>\u00a0Tytu\u0142\u00a0 &#8211; Autorka &#8211; Podtytu\u0142\u00a0<\/strong><\/span><\/p>\r\n<p><span style=\"font-size: 16px; font-family: terminal, monaco;\">\r\n\r\n<\/span><\/p>\r\n<p><span style=\"font-size: 16px; font-family: terminal, monaco;\">NIEWIED\u0179MY &#8211; Tonca Raim &#8211; Miara Cnot,<\/span><\/p>\r\n<p><span style=\"font-size: 16px; font-family: terminal, monaco;\">\r\n\r\n<\/span><\/p>\r\n<p><span style=\"font-size: 16px; font-family: terminal, monaco;\">wyd. I 2019; Copyright by TONCARAIM;\u00a0<\/span><\/p>\r\n<p><span style=\"font-size: 16px; font-family: terminal, monaco;\">\r\n\r\n<\/span><\/p>\r\n<p><span style=\"font-size: 16px; font-family: terminal, monaco;\">ISBN-9788393322190 \/kod kreskowy na ksi\u0105\u017cce\/.<\/span><\/p>\r\n<p><span style=\"font-size: 16px; font-family: terminal, monaco;\">\r\n\r\n<\/span><\/p>\r\n<p class=\"has-text-align-justify\"><span style=\"font-size: 16px; font-family: terminal, monaco;\"><strong>Parametry techniczne<\/strong><\/span><\/p>\r\n<p><span style=\"font-size: 16px; font-family: terminal, monaco;\">\r\n\r\n<\/span><\/p>\r\n<ul class=\"wp-block-list\">\r\n<li><span style=\"font-size: 16px; font-family: terminal, monaco;\">111 stron, 11 rozdzia\u0142\u00f3w, 11 ilustracji cz-b\u00a0<\/span><\/li>\r\n\r\n\r\n\r\n<li><span style=\"font-size: 16px; font-family: terminal, monaco;\">format A5<\/span><\/li>\r\n\r\n\r\n\r\n<li><span style=\"font-size: 16px; font-family: terminal, monaco;\">ok\u0142adka twarda &#8211; kolor,\u00a0 projekt &#8211;\u00a0 Monika Jurkiewicz<\/span><\/li>\r\n\r\n\r\n\r\n<li><span style=\"font-size: 16px; font-family: terminal, monaco;\">nak\u0142ad\u00a0 700 szt., plus 300 w ramach Edycji Numerowanej<\/span><\/li>\r\n\r\n\r\n\r\n<li><span style=\"font-size: 16px; font-family: terminal, monaco;\">papier bia\u0142y, kreda, 130 g.<\/span><\/li>\r\n\r\n\r\n\r\n<li><span style=\"font-size: 16px; font-family: terminal, monaco;\">druk czarno-bia\u0142y<\/span><\/li>\r\n\r\n\r\n\r\n<li><span style=\"font-size: 16px; font-family: terminal, monaco;\">grafiki wewn\u0105trz tomiku otwieraj\u0105 ka\u017cdy rozdzia\u0142; autor &#8211; artystka plastyk &#8211;\u00a0 Monika Jurkiewicz vel Albe Kant &#8211; 11 szt. \/cz-b\/\u00a0<\/span><\/li>\r\n\r\n\r\n\r\n<li><span style=\"font-size: 16px; font-family: terminal, monaco;\">notki o autorkach na ko\u0144cu ksi\u0105\u017cki, w cz\u0119\u015bci POS\u0141OWIE, tu\u017c przed SPISEM TRE\u015aCI.<\/span><\/li>\r\n<\/ul>\r\n<p><span style=\"font-size: 16px; font-family: terminal, monaco;\">\r\n\r\n<\/span><\/p>\r\n<p><span style=\"font-size: 16px; font-family: terminal, monaco;\">SPIS ROZDZIA\u0141\u00d3W<\/span><\/p>\r\n<p><span style=\"font-size: 16px; font-family: terminal, monaco;\">\r\n\r\n<\/span><\/p>\r\n<ol class=\"wp-block-list\">\r\n<li><span style=\"font-size: 16px; font-family: terminal, monaco;\">ERGO<\/span><\/li>\r\n\r\n\r\n\r\n<li><span style=\"font-size: 16px; font-family: terminal, monaco;\">PRYNCYPIA<\/span><\/li>\r\n\r\n\r\n\r\n<li><span style=\"font-size: 16px; font-family: terminal, monaco;\">BO JA\u0179\u0143<\/span><\/li>\r\n\r\n\r\n\r\n<li><span style=\"font-size: 16px; font-family: terminal, monaco;\">T\u0118SKNOTY\u00a0<\/span><\/li>\r\n\r\n\r\n\r\n<li><span style=\"font-size: 16px; font-family: terminal, monaco;\">POKUSY\u00a0<\/span><\/li>\r\n\r\n\r\n\r\n<li><span style=\"font-size: 16px; font-family: terminal, monaco;\">LIRY Z MY\u00a0<\/span><\/li>\r\n\r\n\r\n\r\n<li><span style=\"font-size: 16px; font-family: terminal, monaco;\">EGO I STYCZNO\u015a\u0106\u00a0<\/span><\/li>\r\n\r\n\r\n\r\n<li><span style=\"font-size: 16px; font-family: terminal, monaco;\">DUCH\u00a0<\/span><\/li>\r\n\r\n\r\n\r\n<li><span style=\"font-size: 16px; font-family: terminal, monaco;\">SPOWIED\u0179MY\u00a0<\/span><\/li>\r\n\r\n\r\n\r\n<li><span style=\"font-size: 16px; font-family: terminal, monaco;\">NON KONKRETY\u00a0<\/span><\/li>\r\n\r\n\r\n\r\n<li><span style=\"font-size: 16px; font-family: terminal, monaco;\">INTERPUNKTY<\/span><\/li>\r\n<\/ol>\r\n<pre class=\"wp-block-quote\"><br \/><span style=\"font-size: 16px; font-family: terminal, monaco;\"><\/span><\/pre>\r\n<p><span style=\"font-size: 16px; font-family: terminal, monaco;\"><img loading=\"lazy\" decoding=\"async\" width=\"150\" height=\"203\" class=\"wp-image-63\" style=\"width: 150px;\" src=\"https:\/\/toncaraim.com\/wp-content\/uploads\/2020\/05\/liryzmy-7.png\" alt=\"\" srcset=\"https:\/\/toncaraim.com\/wp-content\/uploads\/2020\/05\/liryzmy-7.png 419w, https:\/\/toncaraim.com\/wp-content\/uploads\/2020\/05\/liryzmy-7-222x300.png 222w\" sizes=\"auto, (max-width: 150px) 100vw, 150px\" \/><\/span><\/p>\r\n<pre class=\"wp-block-quote\"><span style=\"font-size: 16px; font-family: terminal, monaco;\">\r\n\r\n<\/span><\/pre>\r\n<p><span style=\"font-size: 16px; font-family: terminal, monaco;\">O sobie&#8230;<\/span><\/p>\r\n<pre class=\"wp-block-quote\"><span style=\"font-size: 16px; font-family: terminal, monaco;\"><cite>\"Niewied\u017ama w m\u0142odo\u015bci jako nie\u015bwiadoma niewiasta <br \/>(nie wiedz\u0105ca wiele) z czasem na tyle dojrza\u0142a, by w\u0142asn\u0105 niewiedz\u0119 <br \/>wzi\u0105\u0107 pod lup\u0119. W ogniu pyta\u0144 skierowanych do siebie, odkry\u0142a <br \/>\u017ce cho\u0107 te same rejony niewiedzy penetrowa\u0142y niemal wszystkie <br \/>najt\u0119\u017csze umys\u0142y od pokole\u0144, wci\u0105\u017c wiele tych pyta\u0144 pozostaje<br \/> bez odpowiedzi. <br \/>Co na to Niewied\u017ama? <br \/>O tym w tomiku\". \/Tonca Raim, fragment wpisu, <br \/> zapowiadaj\u0105cego pierwsze wydanie, listopad 2019. <br \/><a href=\"https:\/\/www.facebook.com\/toncaraim\">https:\/\/www.facebook.com\/toncaraim<\/a>\/<\/cite><\/span><\/pre>\r\n<blockquote><span style=\"font-size: 16px; font-family: terminal, monaco;\">O AUTORACH<\/span><\/blockquote>\r\n<blockquote><span style=\"font-size: 16px; font-family: terminal, monaco;\">SPIS TRE\u015aCI<\/span><\/blockquote>\r\n<blockquote><span style=\"font-size: 16px; font-family: terminal, monaco;\">Tomik opublikowany przez\u00a0<span style=\"letter-spacing: normal;\"> wydawnictwo TONCARAIM.<\/span><\/span><\/blockquote>\r\n<blockquote><span style=\"font-size: 16px; font-family: terminal, monaco;\"><span style=\"letter-spacing: normal;\"> ISBN nr 9788393322190<\/span><\/span><\/blockquote>\r\n","protected":false},"excerpt":{"rendered":"<p>\u00a0Tytu\u0142\u00a0 &#8211; Autorka &#8211; Podtytu\u0142\u00a0 NIEWIED\u0179MY &#8211; Tonca Raim &#8211; Miara Cnot, wyd. I 2019; Copyright by TONCARAIM;\u00a0 ISBN-9788393322190 \/kod kreskowy na ksi\u0105\u017cce\/. Parametry techniczne SPIS ROZDZIA\u0141\u00d3W<\/p>\n","protected":false},"author":1,"featured_media":64,"comment_status":"open","ping_status":"open","sticky":false,"template":"","format":"standard","meta":{"_jetpack_memberships_contains_paid_content":false,"footnotes":""},"categories":[1],"tags":[],"class_list":["post-107","post","type-post","status-publish","format-standard","has-post-thumbnail","hentry","category-01-0-niewiedzmy"],"jetpack_featured_media_url":"https:\/\/toncaraim.com\/wp-content\/uploads\/2020\/05\/okladka-mala.png","jetpack_sharing_enabled":true,"_links":{"self":[{"href":"https:\/\/toncaraim.com\/index.php?rest_route=\/wp\/v2\/posts\/107","targetHints":{"allow":["GET"]}}],"collection":[{"href":"https:\/\/toncaraim.com\/index.php?rest_route=\/wp\/v2\/posts"}],"about":[{"href":"https:\/\/toncaraim.com\/index.php?rest_route=\/wp\/v2\/types\/post"}],"author":[{"embeddable":true,"href":"https:\/\/toncaraim.com\/index.php?rest_route=\/wp\/v2\/users\/1"}],"replies":[{"embeddable":true,"href":"https:\/\/toncaraim.com\/index.php?rest_route=%2Fwp%2Fv2%2Fcomments&post=107"}],"version-history":[{"count":16,"href":"https:\/\/toncaraim.com\/index.php?rest_route=\/wp\/v2\/posts\/107\/revisions"}],"predecessor-version":[{"id":791,"href":"https:\/\/toncaraim.com\/index.php?rest_route=\/wp\/v2\/posts\/107\/revisions\/791"}],"wp:featuredmedia":[{"embeddable":true,"href":"https:\/\/toncaraim.com\/index.php?rest_route=\/wp\/v2\/media\/64"}],"wp:attachment":[{"href":"https:\/\/toncaraim.com\/index.php?rest_route=%2Fwp%2Fv2%2Fmedia&parent=107"}],"wp:term":[{"taxonomy":"category","embeddable":true,"href":"https:\/\/toncaraim.com\/index.php?rest_route=%2Fwp%2Fv2%2Fcategories&post=107"},{"taxonomy":"post_tag","embeddable":true,"href":"https:\/\/toncaraim.com\/index.php?rest_route=%2Fwp%2Fv2%2Ftags&post=107"}],"curies":[{"name":"wp","href":"https:\/\/api.w.org\/{rel}","templated":true}]}}